{"id":1,"date":"2020-11-13T19:14:25","date_gmt":"2020-11-13T18:14:25","guid":{"rendered":"https:\/\/alignedmanagement.it\/?p=1"},"modified":"2025-06-29T13:45:49","modified_gmt":"2025-06-29T11:45:49","slug":"dipendente-critico-si-lamenta-3-cose-da-fare","status":"publish","type":"post","link":"https:\/\/alignedmanagement.it\/it\/dipendente-critico-si-lamenta-3-cose-da-fare\/","title":{"rendered":"Dipendente critico si lamenta: 3 Cose da fare."},"content":{"rendered":"<br>\r\n<p>Dipendente critico si lamenta: 3 cose da fare.<\/p>\r\n<h3>Produttivit\u00e0 aziendale<\/h3>\r\n<p>La produttivit\u00e0 dei dipendenti \u00e8 un tema sempre attuale e nonostante la rivoluzione tecnologica che stiamo attraversando sembra che il problema sia tutt&#8217;altro che risolto.<\/p>\r\n<p>Da questo studio:<\/p>\r\n<p><strong>Scarsa produttivit\u00e0 al lavoro per i dipendenti \u00a0\u00a0<\/strong>&#8211; Repubblica News\u00a0emerge che la causa principale sia la cattiva gestione dei dipendenti da parte dei manager.<\/p>\r\n<p>Ne ho gi\u00e0 trattato in diversi articoli e qui di seguito, se ti pu\u00f2 interessare, te ne ho messo uno che spiega alcuni errori che fanno i manager:<\/p>\r\n<p><a href=\"https:\/\/alignedmanagement.it\/it\/3-errori-gravi-da-non-fare-che-fanno-scappare-il-personale\/\">3 Errori gravi da NON fare che fanno scappare il personale<\/a> che causa una cattiva gestione delle risorse umane\u00a0<\/p>\r\n<p>Oggi per\u00f2 voglio trattare un particolare tipo di dipendenti, &#8220;dipendente critico&#8221;, in breve, il criticone e quello che si lamenta sempre. Se sei un imprenditore o un manager e ti sta a cuore la produttivit\u00e0 dei tuoi dipendenti avrai sicuramente avuto qualche soggetto del genere.<\/p>\r\n<p>&nbsp;<\/p>\r\n<p style=\"text-align: center;\"><a style=\"display: inline-block; background-color: #ff2800; color: #ffffff; padding: 12px 24px; text-decoration: none; font-weight: bold; border-radius: 8px; font-size: 24px;\" href=\"https:\/\/alignedmanagement.it\/it\/lpbuilder\/landing2\/\"> INIZIA ORA IL QUIZ EFFICIENZA AZIENDALE <\/a><\/p>\r\n<h3 style=\"text-align: center;\"><strong>Scopri cosa blocca la tua Espansione!<\/strong><\/h3>\r\n<p>&nbsp;<\/p>\r\n<h3 style=\"text-align: left;\">Perch\u00e9 il dipendente critico pu\u00f2 danneggiare la produttivit\u00e0?<\/h3>\r\n<p>Personalmente mi ci sono imbattuto quando ho gestito un gruppo di formazione e coaching ed essendo di carattere mite e paziente ho sempre pensato che comunicando in modo garbato e tranquillo avrei risolto il problema. Alcune volte ci sono riuscito, altre no. La cosa per\u00f2 si aggravava con il tempo perch\u00e9 quelli che non riuscivo a gestire poi condizionavano la mia giornata, non solo lavorativa. Mi sono ritrovato con il tempo, stressato e demotivato, un non gestire al meglio poi il resto del gruppo.<\/p>\r\n<p>Mi stavo trasformando in uno di loro. Acido, polemico e sempre a cercare il problema e mai la soluzione.<\/p>\r\n<p>Poi per mia fortuna, il management della societ\u00e0 per cui lavoravo mi \u00e8 venuto in soccorso mandandomi in training e li capii molte cose.<\/p>\r\n<p>Quando tornai a gestire gruppi stavolta non mi fregarono pi\u00f9.<\/p>\r\n<p>&#8220;In breve, misi al centro di ogni valutazione la produttivit\u00e0 dei dipendenti misurata oggettivamente, distaccandomi dal giudizio soggettivo. Non era importante che mi piacevano o mi era simpatici. Mi concentrai sul rendere i dipendenti critici produttivi ed allineati agli scopi e le strategie del team. Ogni volta che veniva a mancare ci\u00f2 ci lavoravo e se non cambiava niente allora li si mandava da un&#8217;altra parte.&#8221;<\/p>\r\n<p>Lo so cosa pensi. Eh no, nel frattempo non ero diventato un sergente!<\/p>\r\n<p>Mantenevo la mia personalit\u00e0 essenzialmente mite e garbata e poi quando necessario si tirava fuori il bastone\u2026 (pochissime volte).<\/p>\r\n<p>&nbsp;<\/p>\r\n<p style=\"text-align: center;\"><a style=\"display: inline-block; background-color: #ff2800; color: #ffffff; padding: 12px 24px; text-decoration: none; font-weight: bold; border-radius: 8px; font-size: 24px;\" href=\"https:\/\/alignedmanagement.it\/it\/lpbuilder\/landing2\/\"> INIZIA ORA IL QUIZ EFFICIENZA AZIENDALE <\/a><\/p>\r\n<h3 style=\"text-align: center;\"><strong>Scopri cosa blocca la tua Espansione!<\/strong><\/h3>\r\n<p>&nbsp;<\/p>\r\n<p>Comunque ti voglio suggerire tre semplici cose che puoi iniziare a fare per tenere a bada il dipendente \u00a0critico.<\/p>\r\n<h3>1.<b> Misura la produttivit\u00e0 con criteri oggettivi. <br \/><\/b><\/h3>\r\n<p><b>Basa ogni tuo giudizio sulla produttivit\u00e0 dei dipendenti solo sulla base di un sistema affidabile di misurazione delle loro prestazioni. <\/b><br \/><br \/>Le discussioni nascono solo perch\u00e9 non ci si trova d&#8217;accordo con le valutazioni ed anche per l&#8217;assenza di parametri misurabili, visibili ed oggettivi. A volte anche cos\u00ec non se ne viene a capo. <br \/><br \/>Figuriamoci con i &#8220;dipendenti critici&#8221; e ipercritici. Ogni volta che si inizia a lamentarsi richiama l&#8217;attenzione sul loro rendimento e che tu sei interessato solo a soluzioni per incrementarlo non ai motivi per cui non si pu\u00f2 migliorare. Non pensare di primo acchito che loro ti riempiranno di soluzioni ma incoraggiarli ed allenarli ripetutamente.<\/p>\r\n<h3 style=\"text-align: left;\"><b>2. Gestisci le riunioni in modo strategico. <br \/><\/b><\/h3>\r\n<p><b>Forma delle riunioni di produzione dove i dipendenti siano consapevoli di dover rendere conto della loro produzione e preparati e soluzioni alla mano. <\/b><br \/><br \/>La riunione \u00e8 un momento delicato in cui i dipendenti critici potrebbero mettersi in combutta e creare scompiglio mettendoti a dura prova. Per cui \u00e8 vitale che tu diriga una riunione con la regola ferrea che non si accettano critiche ma solo presentati sui fatti con relative soluzioni. Se proprio vogliono esprimere &#8220;le loro idee&#8221; digli che ne parlerai in separata sede. <br \/>Questo ti permetter\u00e0 di bloccare la negativit\u00e0 e non abbassare il tono della riunione.<\/p>\r\n<h3 style=\"text-align: left;\"><b>3. Implementa premi e penalit\u00e0 per migliorare il clima. <\/b><\/h3>\r\n<p><strong>Crea un sistema meritocratico di premi e penalit\u00e0 che disincentivi la bassa produttivit\u00e0 dei dipendenti e l&#8217;atteggiamento di critica e scaricabarile quando le cose non vanno bene.<\/strong> <br \/><br \/>L&#8217;uso di un sistema di valutazione oggettiva e di gestione delle riunioni pu\u00f2 non bastare se poi non vengono applicate le direttive chiare e rigorose sul rendimento produttivo dei dipendenti. Giusto per fare qualche esempio: se uno si lamenta ma ha un rendimento ottimale si pu\u00f2 anche chiudere un occhio visto che comunque sta facendo il suo dovere. Al contrario gli si dovrebbe tappare la bocca e dirgli che deve concedersi meno pausa e darsi da fare a raggiungere il suo obiettivo di produzione. Lo si pu\u00f2 personalizzare ad hoc per la propria attivit\u00e0 ma il principio e sarebbe sempre applicato.<\/p>\r\n<p>&nbsp;<\/p>\r\n<p>&nbsp;<\/p>\r\n<p style=\"text-align: center;\"><a style=\"display: inline-block; background-color: #ff2800; color: #ffffff; padding: 12px 24px; text-decoration: none; font-weight: bold; border-radius: 8px; font-size: 24px;\" href=\"https:\/\/alignedmanagement.it\/it\/lpbuilder\/landing2\/\"> INIZIA ORA IL QUIZ EFFICIENZA AZIENDALE <\/a><\/p>\r\n<h3 style=\"text-align: center;\"><strong>Scopri cosa blocca la tua Espansione!<\/strong><\/h3>\r\n<p>&nbsp;<\/p>\r\n<p>Prescrizione aggiuntiva: se hai fatto tutti e tre questi punti ma il tuo dipendente continua imperterrito con le &#8220;sue critiche costruttive&#8221; che intanto ti fanno venire mal di testa e minano il clima del tuo team allora non ti resta che mostrargli la porta in quanto le sue motivazioni non sono affatto allineate al benessere del tuo team ma sta cercando di servire un suo tornaconto personale camuffate da &#8220;non si pu\u00f2 fare o non va bene fare cos\u00ec&#8221;.<\/p>\r\n<p>Vuoi imparare a gestire meglio i tuoi dipendenti? Prenota una <strong>consulenza gratuita<\/strong> e scopri le <strong>strategie pi\u00f9 efficaci<\/strong> per migliorare la produttivit\u00e0 del tuo team!<\/p>\r\n<h3 style=\"text-align: center;\"><\/h3>\r\n<p>&nbsp;<\/p>","protected":false},"excerpt":{"rendered":"<p>Dipendente critico si lamenta: 3 cose da fare. Produttivit\u00e0 aziendale La produttivit\u00e0 dei dipendenti \u00e8 un tema sempre attuale e&#8230;<\/p>\n","protected":false},"author":1,"featured_media":37,"comment_status":"open","ping_status":"open","sticky":false,"template":"","format":"standard","meta":{"_acf_changed":false,"footnotes":""},"categories":[9,12],"tags":[73,19],"class_list":["post-1","post","type-post","status-publish","format-standard","has-post-thumbnail","hentry","category-gestione-del-personale","category-produttivita","tag-gestione-delle-risorse-umane","tag-produttivita"],"acf":[],"yoast_head":"<!-- This site is optimized with the Yoast SEO plugin v26.8 - https:\/\/yoast.com\/product\/yoast-seo-wordpress\/ -->\n<title>Dipendente critico si lamenta: 3 Cose da fare. - Aligned Management<\/title>\n<meta name=\"description\" content=\"Dipendente critico si lamenta: 3 cose da fare. La produttivit\u00e0 dei dipendenti \u00e8 un tema sempre attuale e nonostante la rivoluzione tecnologic\" \/>\n<meta name=\"robots\" content=\"index, follow, max-snippet:-1, max-image-preview:large, max-video-preview:-1\" \/>\n<link rel=\"canonical\" href=\"https:\/\/alignedmanagement.it\/it\/dipendente-critico-si-lamenta-3-cose-da-fare\/\" \/>\n<meta property=\"og:locale\" content=\"it_IT\" \/>\n<meta property=\"og:type\" content=\"article\" \/>\n<meta property=\"og:title\" content=\"Dipendente critico si lamenta: 3 Cose da fare. - Aligned Management\" \/>\n<meta property=\"og:description\" content=\"Dipendente critico si lamenta: 3 cose da fare. La produttivit\u00e0 dei dipendenti \u00e8 un tema sempre attuale e nonostante la rivoluzione tecnologic\" \/>\n<meta property=\"og:url\" content=\"https:\/\/alignedmanagement.it\/it\/dipendente-critico-si-lamenta-3-cose-da-fare\/\" \/>\n<meta property=\"og:site_name\" content=\"Aligned Management\" \/>\n<meta property=\"article:publisher\" content=\"https:\/\/www.facebook.com\/alignedmanagement.it\" \/>\n<meta property=\"article:published_time\" content=\"2020-11-13T18:14:25+00:00\" \/>\n<meta property=\"article:modified_time\" content=\"2025-06-29T11:45:49+00:00\" \/>\n<meta property=\"og:image\" content=\"https:\/\/alignedmanagement.it\/wp-content\/uploads\/2021\/01\/effective-tech-collaboratori-dipendenti-critici-lamentosi-cosa-fare_508d4abc36.jpg\" \/>\n\t<meta property=\"og:image:width\" content=\"800\" \/>\n\t<meta property=\"og:image:height\" content=\"450\" \/>\n\t<meta property=\"og:image:type\" content=\"image\/jpeg\" \/>\n<meta name=\"author\" content=\"mabe23\" \/>\n<meta name=\"twitter:card\" content=\"summary_large_image\" \/>\n<meta name=\"twitter:label1\" content=\"Scritto da\" \/>\n\t<meta name=\"twitter:data1\" content=\"mabe23\" \/>\n\t<meta name=\"twitter:label2\" content=\"Tempo di lettura stimato\" \/>\n\t<meta name=\"twitter:data2\" content=\"6 minuti\" \/>\n<script type=\"application\/ld+json\" class=\"yoast-schema-graph\">{\"@context\":\"https:\/\/schema.org\",\"@graph\":[{\"@type\":\"Article\",\"@id\":\"https:\/\/alignedmanagement.it\/it\/dipendente-critico-si-lamenta-3-cose-da-fare\/#article\",\"isPartOf\":{\"@id\":\"https:\/\/alignedmanagement.it\/it\/dipendente-critico-si-lamenta-3-cose-da-fare\/\"},\"author\":{\"name\":\"mabe23\",\"@id\":\"https:\/\/alignedmanagement.it\/it\/#\/schema\/person\/332222d53026d85167b754513dff6ea4\"},\"headline\":\"Dipendente critico si lamenta: 3 Cose da fare.\",\"datePublished\":\"2020-11-13T18:14:25+00:00\",\"dateModified\":\"2025-06-29T11:45:49+00:00\",\"mainEntityOfPage\":{\"@id\":\"https:\/\/alignedmanagement.it\/it\/dipendente-critico-si-lamenta-3-cose-da-fare\/\"},\"wordCount\":920,\"commentCount\":0,\"publisher\":{\"@id\":\"https:\/\/alignedmanagement.it\/it\/#organization\"},\"image\":{\"@id\":\"https:\/\/alignedmanagement.it\/it\/dipendente-critico-si-lamenta-3-cose-da-fare\/#primaryimage\"},\"thumbnailUrl\":\"https:\/\/alignedmanagement.it\/wp-content\/uploads\/2021\/01\/effective-tech-collaboratori-dipendenti-critici-lamentosi-cosa-fare_508d4abc36.jpg\",\"keywords\":[\"Gestione delle Risorse umane\",\"Produttivit\u00e0\"],\"articleSection\":[\"GESTIONE DEL PERSONALE\",\"PRODUTTIVIT\u00c0\"],\"inLanguage\":\"it-IT\",\"potentialAction\":[{\"@type\":\"CommentAction\",\"name\":\"Comment\",\"target\":[\"https:\/\/alignedmanagement.it\/it\/dipendente-critico-si-lamenta-3-cose-da-fare\/#respond\"]}]},{\"@type\":\"WebPage\",\"@id\":\"https:\/\/alignedmanagement.it\/it\/dipendente-critico-si-lamenta-3-cose-da-fare\/\",\"url\":\"https:\/\/alignedmanagement.it\/it\/dipendente-critico-si-lamenta-3-cose-da-fare\/\",\"name\":\"Dipendente critico si lamenta: 3 Cose da fare. - Aligned Management\",\"isPartOf\":{\"@id\":\"https:\/\/alignedmanagement.it\/it\/#website\"},\"primaryImageOfPage\":{\"@id\":\"https:\/\/alignedmanagement.it\/it\/dipendente-critico-si-lamenta-3-cose-da-fare\/#primaryimage\"},\"image\":{\"@id\":\"https:\/\/alignedmanagement.it\/it\/dipendente-critico-si-lamenta-3-cose-da-fare\/#primaryimage\"},\"thumbnailUrl\":\"https:\/\/alignedmanagement.it\/wp-content\/uploads\/2021\/01\/effective-tech-collaboratori-dipendenti-critici-lamentosi-cosa-fare_508d4abc36.jpg\",\"datePublished\":\"2020-11-13T18:14:25+00:00\",\"dateModified\":\"2025-06-29T11:45:49+00:00\",\"description\":\"Dipendente critico si lamenta: 3 cose da fare. La produttivit\u00e0 dei dipendenti \u00e8 un tema sempre attuale e nonostante la rivoluzione tecnologic\",\"breadcrumb\":{\"@id\":\"https:\/\/alignedmanagement.it\/it\/dipendente-critico-si-lamenta-3-cose-da-fare\/#breadcrumb\"},\"inLanguage\":\"it-IT\",\"potentialAction\":[{\"@type\":\"ReadAction\",\"target\":[\"https:\/\/alignedmanagement.it\/it\/dipendente-critico-si-lamenta-3-cose-da-fare\/\"]}]},{\"@type\":\"ImageObject\",\"inLanguage\":\"it-IT\",\"@id\":\"https:\/\/alignedmanagement.it\/it\/dipendente-critico-si-lamenta-3-cose-da-fare\/#primaryimage\",\"url\":\"https:\/\/alignedmanagement.it\/wp-content\/uploads\/2021\/01\/effective-tech-collaboratori-dipendenti-critici-lamentosi-cosa-fare_508d4abc36.jpg\",\"contentUrl\":\"https:\/\/alignedmanagement.it\/wp-content\/uploads\/2021\/01\/effective-tech-collaboratori-dipendenti-critici-lamentosi-cosa-fare_508d4abc36.jpg\",\"width\":800,\"height\":450,\"caption\":\"Dipendente critico\"},{\"@type\":\"BreadcrumbList\",\"@id\":\"https:\/\/alignedmanagement.it\/it\/dipendente-critico-si-lamenta-3-cose-da-fare\/#breadcrumb\",\"itemListElement\":[{\"@type\":\"ListItem\",\"position\":1,\"name\":\"Home\",\"item\":\"https:\/\/alignedmanagement.it\/it\/\"},{\"@type\":\"ListItem\",\"position\":2,\"name\":\"Dipendente critico si lamenta: 3 Cose da fare.\"}]},{\"@type\":\"WebSite\",\"@id\":\"https:\/\/alignedmanagement.it\/it\/#website\",\"url\":\"https:\/\/alignedmanagement.it\/it\/\",\"name\":\"Aligned Management\",\"description\":\"\",\"publisher\":{\"@id\":\"https:\/\/alignedmanagement.it\/it\/#organization\"},\"potentialAction\":[{\"@type\":\"SearchAction\",\"target\":{\"@type\":\"EntryPoint\",\"urlTemplate\":\"https:\/\/alignedmanagement.it\/it\/?s={search_term_string}\"},\"query-input\":{\"@type\":\"PropertyValueSpecification\",\"valueRequired\":true,\"valueName\":\"search_term_string\"}}],\"inLanguage\":\"it-IT\"},{\"@type\":\"Organization\",\"@id\":\"https:\/\/alignedmanagement.it\/it\/#organization\",\"name\":\"Aligned Management\",\"url\":\"https:\/\/alignedmanagement.it\/it\/\",\"logo\":{\"@type\":\"ImageObject\",\"inLanguage\":\"it-IT\",\"@id\":\"https:\/\/alignedmanagement.it\/it\/#\/schema\/logo\/image\/\",\"url\":\"https:\/\/alignedmanagement.it\/wp-content\/uploads\/logo_am.png\",\"contentUrl\":\"https:\/\/alignedmanagement.it\/wp-content\/uploads\/logo_am.png\",\"width\":951,\"height\":559,\"caption\":\"Aligned Management\"},\"image\":{\"@id\":\"https:\/\/alignedmanagement.it\/it\/#\/schema\/logo\/image\/\"},\"sameAs\":[\"https:\/\/www.facebook.com\/alignedmanagement.it\",\"https:\/\/www.instagram.com\/alignedmanagement.it\",\"https:\/\/www.linkedin.com\/in\/emanuelecasali\/\",\"https:\/\/www.youtube.com\/channel\/UC_xQbxuViPZCKLK98MYlOWg\"]},{\"@type\":\"Person\",\"@id\":\"https:\/\/alignedmanagement.it\/it\/#\/schema\/person\/332222d53026d85167b754513dff6ea4\",\"name\":\"mabe23\",\"sameAs\":[\"https:\/\/alignedmanagement.it\"],\"url\":\"https:\/\/alignedmanagement.it\/it\/author\/mabe23\/\"}]}<\/script>\n<!-- \/ Yoast SEO plugin. -->","yoast_head_json":{"title":"Dipendente critico si lamenta: 3 Cose da fare. - Aligned Management","description":"Dipendente critico si lamenta: 3 cose da fare. La produttivit\u00e0 dei dipendenti \u00e8 un tema sempre attuale e nonostante la rivoluzione tecnologic","robots":{"index":"index","follow":"follow","max-snippet":"max-snippet:-1","max-image-preview":"max-image-preview:large","max-video-preview":"max-video-preview:-1"},"canonical":"https:\/\/alignedmanagement.it\/it\/dipendente-critico-si-lamenta-3-cose-da-fare\/","og_locale":"it_IT","og_type":"article","og_title":"Dipendente critico si lamenta: 3 Cose da fare. - Aligned Management","og_description":"Dipendente critico si lamenta: 3 cose da fare. La produttivit\u00e0 dei dipendenti \u00e8 un tema sempre attuale e nonostante la rivoluzione tecnologic","og_url":"https:\/\/alignedmanagement.it\/it\/dipendente-critico-si-lamenta-3-cose-da-fare\/","og_site_name":"Aligned Management","article_publisher":"https:\/\/www.facebook.com\/alignedmanagement.it","article_published_time":"2020-11-13T18:14:25+00:00","article_modified_time":"2025-06-29T11:45:49+00:00","og_image":[{"width":800,"height":450,"url":"https:\/\/alignedmanagement.it\/wp-content\/uploads\/2021\/01\/effective-tech-collaboratori-dipendenti-critici-lamentosi-cosa-fare_508d4abc36.jpg","type":"image\/jpeg"}],"author":"mabe23","twitter_card":"summary_large_image","twitter_misc":{"Scritto da":"mabe23","Tempo di lettura stimato":"6 minuti"},"schema":{"@context":"https:\/\/schema.org","@graph":[{"@type":"Article","@id":"https:\/\/alignedmanagement.it\/it\/dipendente-critico-si-lamenta-3-cose-da-fare\/#article","isPartOf":{"@id":"https:\/\/alignedmanagement.it\/it\/dipendente-critico-si-lamenta-3-cose-da-fare\/"},"author":{"name":"mabe23","@id":"https:\/\/alignedmanagement.it\/it\/#\/schema\/person\/332222d53026d85167b754513dff6ea4"},"headline":"Dipendente critico si lamenta: 3 Cose da fare.","datePublished":"2020-11-13T18:14:25+00:00","dateModified":"2025-06-29T11:45:49+00:00","mainEntityOfPage":{"@id":"https:\/\/alignedmanagement.it\/it\/dipendente-critico-si-lamenta-3-cose-da-fare\/"},"wordCount":920,"commentCount":0,"publisher":{"@id":"https:\/\/alignedmanagement.it\/it\/#organization"},"image":{"@id":"https:\/\/alignedmanagement.it\/it\/dipendente-critico-si-lamenta-3-cose-da-fare\/#primaryimage"},"thumbnailUrl":"https:\/\/alignedmanagement.it\/wp-content\/uploads\/2021\/01\/effective-tech-collaboratori-dipendenti-critici-lamentosi-cosa-fare_508d4abc36.jpg","keywords":["Gestione delle Risorse umane","Produttivit\u00e0"],"articleSection":["GESTIONE DEL PERSONALE","PRODUTTIVIT\u00c0"],"inLanguage":"it-IT","potentialAction":[{"@type":"CommentAction","name":"Comment","target":["https:\/\/alignedmanagement.it\/it\/dipendente-critico-si-lamenta-3-cose-da-fare\/#respond"]}]},{"@type":"WebPage","@id":"https:\/\/alignedmanagement.it\/it\/dipendente-critico-si-lamenta-3-cose-da-fare\/","url":"https:\/\/alignedmanagement.it\/it\/dipendente-critico-si-lamenta-3-cose-da-fare\/","name":"Dipendente critico si lamenta: 3 Cose da fare. - Aligned Management","isPartOf":{"@id":"https:\/\/alignedmanagement.it\/it\/#website"},"primaryImageOfPage":{"@id":"https:\/\/alignedmanagement.it\/it\/dipendente-critico-si-lamenta-3-cose-da-fare\/#primaryimage"},"image":{"@id":"https:\/\/alignedmanagement.it\/it\/dipendente-critico-si-lamenta-3-cose-da-fare\/#primaryimage"},"thumbnailUrl":"https:\/\/alignedmanagement.it\/wp-content\/uploads\/2021\/01\/effective-tech-collaboratori-dipendenti-critici-lamentosi-cosa-fare_508d4abc36.jpg","datePublished":"2020-11-13T18:14:25+00:00","dateModified":"2025-06-29T11:45:49+00:00","description":"Dipendente critico si lamenta: 3 cose da fare. La produttivit\u00e0 dei dipendenti \u00e8 un tema sempre attuale e nonostante la rivoluzione tecnologic","breadcrumb":{"@id":"https:\/\/alignedmanagement.it\/it\/dipendente-critico-si-lamenta-3-cose-da-fare\/#breadcrumb"},"inLanguage":"it-IT","potentialAction":[{"@type":"ReadAction","target":["https:\/\/alignedmanagement.it\/it\/dipendente-critico-si-lamenta-3-cose-da-fare\/"]}]},{"@type":"ImageObject","inLanguage":"it-IT","@id":"https:\/\/alignedmanagement.it\/it\/dipendente-critico-si-lamenta-3-cose-da-fare\/#primaryimage","url":"https:\/\/alignedmanagement.it\/wp-content\/uploads\/2021\/01\/effective-tech-collaboratori-dipendenti-critici-lamentosi-cosa-fare_508d4abc36.jpg","contentUrl":"https:\/\/alignedmanagement.it\/wp-content\/uploads\/2021\/01\/effective-tech-collaboratori-dipendenti-critici-lamentosi-cosa-fare_508d4abc36.jpg","width":800,"height":450,"caption":"Dipendente critico"},{"@type":"BreadcrumbList","@id":"https:\/\/alignedmanagement.it\/it\/dipendente-critico-si-lamenta-3-cose-da-fare\/#breadcrumb","itemListElement":[{"@type":"ListItem","position":1,"name":"Home","item":"https:\/\/alignedmanagement.it\/it\/"},{"@type":"ListItem","position":2,"name":"Dipendente critico si lamenta: 3 Cose da fare."}]},{"@type":"WebSite","@id":"https:\/\/alignedmanagement.it\/it\/#website","url":"https:\/\/alignedmanagement.it\/it\/","name":"Aligned Management","description":"","publisher":{"@id":"https:\/\/alignedmanagement.it\/it\/#organization"},"potentialAction":[{"@type":"SearchAction","target":{"@type":"EntryPoint","urlTemplate":"https:\/\/alignedmanagement.it\/it\/?s={search_term_string}"},"query-input":{"@type":"PropertyValueSpecification","valueRequired":true,"valueName":"search_term_string"}}],"inLanguage":"it-IT"},{"@type":"Organization","@id":"https:\/\/alignedmanagement.it\/it\/#organization","name":"Aligned Management","url":"https:\/\/alignedmanagement.it\/it\/","logo":{"@type":"ImageObject","inLanguage":"it-IT","@id":"https:\/\/alignedmanagement.it\/it\/#\/schema\/logo\/image\/","url":"https:\/\/alignedmanagement.it\/wp-content\/uploads\/logo_am.png","contentUrl":"https:\/\/alignedmanagement.it\/wp-content\/uploads\/logo_am.png","width":951,"height":559,"caption":"Aligned Management"},"image":{"@id":"https:\/\/alignedmanagement.it\/it\/#\/schema\/logo\/image\/"},"sameAs":["https:\/\/www.facebook.com\/alignedmanagement.it","https:\/\/www.instagram.com\/alignedmanagement.it","https:\/\/www.linkedin.com\/in\/emanuelecasali\/","https:\/\/www.youtube.com\/channel\/UC_xQbxuViPZCKLK98MYlOWg"]},{"@type":"Person","@id":"https:\/\/alignedmanagement.it\/it\/#\/schema\/person\/332222d53026d85167b754513dff6ea4","name":"mabe23","sameAs":["https:\/\/alignedmanagement.it"],"url":"https:\/\/alignedmanagement.it\/it\/author\/mabe23\/"}]}},"_links":{"self":[{"href":"https:\/\/alignedmanagement.it\/it\/wp-json\/wp\/v2\/posts\/1","targetHints":{"allow":["GET"]}}],"collection":[{"href":"https:\/\/alignedmanagement.it\/it\/wp-json\/wp\/v2\/posts"}],"about":[{"href":"https:\/\/alignedmanagement.it\/it\/wp-json\/wp\/v2\/types\/post"}],"author":[{"embeddable":true,"href":"https:\/\/alignedmanagement.it\/it\/wp-json\/wp\/v2\/users\/1"}],"replies":[{"embeddable":true,"href":"https:\/\/alignedmanagement.it\/it\/wp-json\/wp\/v2\/comments?post=1"}],"version-history":[{"count":9,"href":"https:\/\/alignedmanagement.it\/it\/wp-json\/wp\/v2\/posts\/1\/revisions"}],"predecessor-version":[{"id":1581,"href":"https:\/\/alignedmanagement.it\/it\/wp-json\/wp\/v2\/posts\/1\/revisions\/1581"}],"wp:featuredmedia":[{"embeddable":true,"href":"https:\/\/alignedmanagement.it\/it\/wp-json\/wp\/v2\/media\/37"}],"wp:attachment":[{"href":"https:\/\/alignedmanagement.it\/it\/wp-json\/wp\/v2\/media?parent=1"}],"wp:term":[{"taxonomy":"category","embeddable":true,"href":"https:\/\/alignedmanagement.it\/it\/wp-json\/wp\/v2\/categories?post=1"},{"taxonomy":"post_tag","embeddable":true,"href":"https:\/\/alignedmanagement.it\/it\/wp-json\/wp\/v2\/tags?post=1"}],"curies":[{"name":"wp","href":"https:\/\/api.w.org\/{rel}","templated":true}]}}