{"id":1871,"date":"2025-11-28T15:15:01","date_gmt":"2025-11-28T14:15:01","guid":{"rendered":"https:\/\/alignedmanagement.it\/?p=1871"},"modified":"2025-11-28T15:15:01","modified_gmt":"2025-11-28T14:15:01","slug":"team-allineato-pmi-crescita-leadership","status":"publish","type":"post","link":"https:\/\/alignedmanagement.it\/it\/team-allineato-pmi-crescita-leadership\/","title":{"rendered":"Team allineato: come una PMI ha accelerato la crescita grazie alla leadership consapevole"},"content":{"rendered":"<p data-start=\"242\" data-end=\"408\">Ogni azienda cresce fino al livello di <strong data-start=\"281\" data-end=\"299\">team allineato<\/strong>. Strategie, strumenti e processi servono a poco se le persone non condividono direzione, scopo e priorit\u00e0.<\/p>\n<p data-start=\"410\" data-end=\"534\">Come ricorda Simon Sinek: <em data-start=\"436\" data-end=\"534\">\u201cI clienti non comprano ci\u00f2 che fai, ma perch\u00e9 lo fai. E ci\u00f2 che fai dimostra ci\u00f2 in cui credi.\u201d<\/em><\/p>\n<h2 data-start=\"536\" data-end=\"600\">Una storia vera: quando il disallineamento blocca la crescita<\/h2>\n<p data-start=\"602\" data-end=\"740\">Una PMI del settore servizi aveva ampliato il team e introdotto nuovi strumenti gestionali. Sulla carta tutto funzionava. Nei fatti, no.<\/p>\n<ul data-start=\"742\" data-end=\"813\">\n<li data-start=\"742\" data-end=\"763\">\n<p data-start=\"744\" data-end=\"763\">Riunioni caotiche<\/p>\n<\/li>\n<li data-start=\"764\" data-end=\"788\">\n<p data-start=\"766\" data-end=\"788\">Decisioni incoerenti<\/p>\n<\/li>\n<li data-start=\"789\" data-end=\"813\">\n<p data-start=\"791\" data-end=\"813\">Reparti disallineati<\/p>\n<\/li>\n<\/ul>\n<p data-start=\"815\" data-end=\"911\">Non mancavano competenze. Mancava un <strong data-start=\"852\" data-end=\"870\">team allineato<\/strong>. Ognuno lavorava bene, ma per conto suo.<\/p>\n<p data-start=\"913\" data-end=\"967\">Il lavoro \u00e8 partito da tre azioni semplici e decisive:<\/p>\n<ol data-start=\"969\" data-end=\"1131\">\n<li data-start=\"969\" data-end=\"1010\">\n<p data-start=\"972\" data-end=\"1010\">Riscoprire lo scopo aziendale comune<\/p>\n<\/li>\n<li data-start=\"1011\" data-end=\"1062\">\n<p data-start=\"1014\" data-end=\"1062\">Definire ruoli e responsabilit\u00e0 in modo chiaro<\/p>\n<\/li>\n<li data-start=\"1063\" data-end=\"1131\">\n<p data-start=\"1066\" data-end=\"1131\">Introdurre rituali di comunicazione brevi, costanti ed efficaci<\/p>\n<\/li>\n<\/ol>\n<p data-start=\"1133\" data-end=\"1340\">Gradualmente il clima \u00e8 cambiato: pi\u00f9 dialogo, pi\u00f9 collaborazione, pi\u00f9 consapevolezza del \u201cperch\u00e9\u201d.<br data-start=\"1232\" data-end=\"1235\" \/>Il titolare ci disse: <em data-start=\"1257\" data-end=\"1340\">\u201cPer la prima volta l\u2019azienda avanza da sola. Non devo pi\u00f9 spingere ogni giorno.\u201d<\/em><\/p>\n<h2 data-start=\"1342\" data-end=\"1399\">La lezione dell\u2019Apollo 11: il potere dell\u2019allineamento<\/h2>\n<p data-start=\"1401\" data-end=\"1631\">L\u2019allineamento non appartiene solo al mondo aziendale. \u00c8 lo stesso principio che ha reso possibile l\u2019Apollo 11. Nel 1969 migliaia di persone lavorarono a un unico obiettivo: portare tre astronauti sulla Luna e riportarli a casa.<\/p>\n<p data-start=\"1633\" data-end=\"1790\">Un famoso aneddoto lo riassume bene: a un addetto alle pulizie venne chiesto cosa stesse facendo. Rispose: <em data-start=\"1740\" data-end=\"1790\">\u201cSto contribuendo a mandare un uomo sulla Luna.\u201d<\/em><\/p>\n<p data-start=\"1792\" data-end=\"2001\">Quando tutti sanno perch\u00e9 stanno lavorando, anche il compito pi\u00f9 semplice acquista valore.<br data-start=\"1882\" data-end=\"1885\" \/>Simon Sinek lo sintetizza cos\u00ec: <em data-start=\"1917\" data-end=\"2001\">\u201cQuando le persone sono unite da uno scopo, non servono controlli. Serve fiducia.\u201d<\/em><\/p>\n<h2 data-start=\"2003\" data-end=\"2051\">Azioni pratiche per imprenditori e HR manager<\/h2>\n<ul data-start=\"2053\" data-end=\"2514\">\n<li data-start=\"2053\" data-end=\"2185\">\n<p data-start=\"2055\" data-end=\"2185\">Chiedi al team: <em data-start=\"2071\" data-end=\"2108\">\u201cPerch\u00e9 facciamo ci\u00f2 che facciamo?\u201d<\/em> Se emergono risposte diverse, hai individuato il primo punto da risolvere.<\/p>\n<\/li>\n<li data-start=\"2186\" data-end=\"2280\">\n<p data-start=\"2188\" data-end=\"2280\">Rendi visibili ruoli e responsabilit\u00e0 con una mappa semplice o un organigramma funzionale.<\/p>\n<\/li>\n<li data-start=\"2281\" data-end=\"2375\">\n<p data-start=\"2283\" data-end=\"2375\">Introduci un meeting settimanale di allineamento da 30 minuti: obiettivi, priorit\u00e0, dubbi.<\/p>\n<\/li>\n<li data-start=\"2376\" data-end=\"2457\">\n<p data-start=\"2378\" data-end=\"2457\">Riconosci i progressi, anche minimi: sostengono motivazione e responsabilit\u00e0.<\/p>\n<\/li>\n<li data-start=\"2458\" data-end=\"2514\">\n<p data-start=\"2460\" data-end=\"2514\">Dai l\u2019esempio. L\u2019allineamento parte sempre dal leader.<\/p>\n<\/li>\n<\/ul>\n<h2 data-start=\"2516\" data-end=\"2530\">Conclusione<\/h2>\n<p data-start=\"2532\" data-end=\"2661\">\nUn<strong> team allineato<\/strong> trasforma il lavoro da fatica a movimento coordinato. \u00c8 in questo momento che l\u2019azienda accelera davvero.<\/p>\n<p data-start=\"2663\" data-end=\"2823\">Con il metodo <a href=\"https:\/\/alignedmanagement.it\/it\/chi-siamo-2\/\"><strong data-start=\"2677\" data-end=\"2699\">Aligned Management<\/strong><\/a> aiutiamo le PMI a costruire team allineati, responsabili e autonomi \u2014 dove lo scopo guida le decisioni, non il controllo.<\/p>\n<p data-start=\"2663\" data-end=\"2823\">\n","protected":false},"excerpt":{"rendered":"<p>Ogni azienda cresce fino al livello di team allineato. Strategie, strumenti e processi servono a poco se le persone non&#8230;<\/p>\n","protected":false},"author":8,"featured_media":1874,"comment_status":"closed","ping_status":"closed","sticky":false,"template":"","format":"standard","meta":{"_acf_changed":false,"footnotes":""},"categories":[9,13,10],"tags":[73,18,14,19],"class_list":["post-1871","post","type-post","status-publish","format-standard","has-post-thumbnail","hentry","category-gestione-del-personale","category-leadership","category-organizzazione-aziendale","tag-gestione-delle-risorse-umane","tag-leadership","tag-organizzazione","tag-produttivita"],"acf":[],"yoast_head":"<!-- This site is optimized with the Yoast SEO plugin v26.8 - https:\/\/yoast.com\/product\/yoast-seo-wordpress\/ -->\n<title>Team allineato: come una PMI ha accelerato la crescita grazie alla leadership consapevole - Aligned Management<\/title>\n<meta name=\"description\" content=\"Scopri come una PMI ha trasformato il proprio team in un gruppo allineato, motivato e autonomo. Azioni pratiche per imprenditori e HR manager\" \/>\n<meta name=\"robots\" content=\"index, follow, max-snippet:-1, max-image-preview:large, max-video-preview:-1\" \/>\n<link rel=\"canonical\" href=\"https:\/\/alignedmanagement.it\/it\/team-allineato-pmi-crescita-leadership\/\" \/>\n<meta property=\"og:locale\" content=\"it_IT\" \/>\n<meta property=\"og:type\" content=\"article\" \/>\n<meta property=\"og:title\" content=\"Team allineato: come una PMI ha accelerato la crescita grazie alla leadership consapevole - Aligned Management\" \/>\n<meta property=\"og:description\" content=\"Scopri come una PMI ha trasformato il proprio team in un gruppo allineato, motivato e autonomo. Azioni pratiche per imprenditori e HR manager\" \/>\n<meta property=\"og:url\" content=\"https:\/\/alignedmanagement.it\/it\/team-allineato-pmi-crescita-leadership\/\" \/>\n<meta property=\"og:site_name\" content=\"Aligned Management\" \/>\n<meta property=\"article:publisher\" content=\"https:\/\/www.facebook.com\/alignedmanagement.it\" \/>\n<meta property=\"article:published_time\" content=\"2025-11-28T14:15:01+00:00\" \/>\n<meta property=\"og:image\" content=\"https:\/\/alignedmanagement.it\/wp-content\/uploads\/Team-allineato.jpg\" \/>\n\t<meta property=\"og:image:width\" content=\"1920\" \/>\n\t<meta property=\"og:image:height\" content=\"1080\" \/>\n\t<meta property=\"og:image:type\" content=\"image\/jpeg\" \/>\n<meta name=\"author\" content=\"Rossella Carlin\" \/>\n<meta name=\"twitter:card\" content=\"summary_large_image\" \/>\n<meta name=\"twitter:label1\" content=\"Scritto da\" \/>\n\t<meta name=\"twitter:data1\" content=\"Rossella Carlin\" \/>\n\t<meta name=\"twitter:label2\" content=\"Tempo di lettura stimato\" \/>\n\t<meta name=\"twitter:data2\" content=\"3 minuti\" \/>\n<script type=\"application\/ld+json\" class=\"yoast-schema-graph\">{\"@context\":\"https:\/\/schema.org\",\"@graph\":[{\"@type\":\"Article\",\"@id\":\"https:\/\/alignedmanagement.it\/it\/team-allineato-pmi-crescita-leadership\/#article\",\"isPartOf\":{\"@id\":\"https:\/\/alignedmanagement.it\/it\/team-allineato-pmi-crescita-leadership\/\"},\"author\":{\"name\":\"Rossella Carlin\",\"@id\":\"https:\/\/alignedmanagement.it\/it\/#\/schema\/person\/8f0019adbb6150cf69e4d450e55f4444\"},\"headline\":\"Team allineato: come una PMI ha accelerato la crescita grazie alla leadership consapevole\",\"datePublished\":\"2025-11-28T14:15:01+00:00\",\"mainEntityOfPage\":{\"@id\":\"https:\/\/alignedmanagement.it\/it\/team-allineato-pmi-crescita-leadership\/\"},\"wordCount\":383,\"publisher\":{\"@id\":\"https:\/\/alignedmanagement.it\/it\/#organization\"},\"image\":{\"@id\":\"https:\/\/alignedmanagement.it\/it\/team-allineato-pmi-crescita-leadership\/#primaryimage\"},\"thumbnailUrl\":\"https:\/\/alignedmanagement.it\/wp-content\/uploads\/Team-allineato.jpg\",\"keywords\":[\"Gestione delle Risorse umane\",\"Leadership\",\"Organizzazione\",\"Produttivit\u00e0\"],\"articleSection\":[\"GESTIONE DEL PERSONALE\",\"LEADERSHIP\",\"ORGANIZZAZIONE AZIENDALE\"],\"inLanguage\":\"it-IT\"},{\"@type\":\"WebPage\",\"@id\":\"https:\/\/alignedmanagement.it\/it\/team-allineato-pmi-crescita-leadership\/\",\"url\":\"https:\/\/alignedmanagement.it\/it\/team-allineato-pmi-crescita-leadership\/\",\"name\":\"Team allineato: come una PMI ha accelerato la crescita grazie alla leadership consapevole - Aligned Management\",\"isPartOf\":{\"@id\":\"https:\/\/alignedmanagement.it\/it\/#website\"},\"primaryImageOfPage\":{\"@id\":\"https:\/\/alignedmanagement.it\/it\/team-allineato-pmi-crescita-leadership\/#primaryimage\"},\"image\":{\"@id\":\"https:\/\/alignedmanagement.it\/it\/team-allineato-pmi-crescita-leadership\/#primaryimage\"},\"thumbnailUrl\":\"https:\/\/alignedmanagement.it\/wp-content\/uploads\/Team-allineato.jpg\",\"datePublished\":\"2025-11-28T14:15:01+00:00\",\"description\":\"Scopri come una PMI ha trasformato il proprio team in un gruppo allineato, motivato e autonomo. Azioni pratiche per imprenditori e HR manager\",\"breadcrumb\":{\"@id\":\"https:\/\/alignedmanagement.it\/it\/team-allineato-pmi-crescita-leadership\/#breadcrumb\"},\"inLanguage\":\"it-IT\",\"potentialAction\":[{\"@type\":\"ReadAction\",\"target\":[\"https:\/\/alignedmanagement.it\/it\/team-allineato-pmi-crescita-leadership\/\"]}]},{\"@type\":\"ImageObject\",\"inLanguage\":\"it-IT\",\"@id\":\"https:\/\/alignedmanagement.it\/it\/team-allineato-pmi-crescita-leadership\/#primaryimage\",\"url\":\"https:\/\/alignedmanagement.it\/wp-content\/uploads\/Team-allineato.jpg\",\"contentUrl\":\"https:\/\/alignedmanagement.it\/wp-content\/uploads\/Team-allineato.jpg\",\"width\":1920,\"height\":1080,\"caption\":\"Team allineato al lavoro in azienda\"},{\"@type\":\"BreadcrumbList\",\"@id\":\"https:\/\/alignedmanagement.it\/it\/team-allineato-pmi-crescita-leadership\/#breadcrumb\",\"itemListElement\":[{\"@type\":\"ListItem\",\"position\":1,\"name\":\"Home\",\"item\":\"https:\/\/alignedmanagement.it\/it\/\"},{\"@type\":\"ListItem\",\"position\":2,\"name\":\"Team allineato: come una PMI ha accelerato la crescita grazie alla leadership consapevole\"}]},{\"@type\":\"WebSite\",\"@id\":\"https:\/\/alignedmanagement.it\/it\/#website\",\"url\":\"https:\/\/alignedmanagement.it\/it\/\",\"name\":\"Aligned Management\",\"description\":\"\",\"publisher\":{\"@id\":\"https:\/\/alignedmanagement.it\/it\/#organization\"},\"potentialAction\":[{\"@type\":\"SearchAction\",\"target\":{\"@type\":\"EntryPoint\",\"urlTemplate\":\"https:\/\/alignedmanagement.it\/it\/?s={search_term_string}\"},\"query-input\":{\"@type\":\"PropertyValueSpecification\",\"valueRequired\":true,\"valueName\":\"search_term_string\"}}],\"inLanguage\":\"it-IT\"},{\"@type\":\"Organization\",\"@id\":\"https:\/\/alignedmanagement.it\/it\/#organization\",\"name\":\"Aligned Management\",\"url\":\"https:\/\/alignedmanagement.it\/it\/\",\"logo\":{\"@type\":\"ImageObject\",\"inLanguage\":\"it-IT\",\"@id\":\"https:\/\/alignedmanagement.it\/it\/#\/schema\/logo\/image\/\",\"url\":\"https:\/\/alignedmanagement.it\/wp-content\/uploads\/logo_am.png\",\"contentUrl\":\"https:\/\/alignedmanagement.it\/wp-content\/uploads\/logo_am.png\",\"width\":951,\"height\":559,\"caption\":\"Aligned Management\"},\"image\":{\"@id\":\"https:\/\/alignedmanagement.it\/it\/#\/schema\/logo\/image\/\"},\"sameAs\":[\"https:\/\/www.facebook.com\/alignedmanagement.it\",\"https:\/\/www.instagram.com\/alignedmanagement.it\",\"https:\/\/www.linkedin.com\/in\/emanuelecasali\/\",\"https:\/\/www.youtube.com\/channel\/UC_xQbxuViPZCKLK98MYlOWg\"]},{\"@type\":\"Person\",\"@id\":\"https:\/\/alignedmanagement.it\/it\/#\/schema\/person\/8f0019adbb6150cf69e4d450e55f4444\",\"name\":\"Rossella Carlin\",\"url\":\"https:\/\/alignedmanagement.it\/it\/author\/rossella\/\"}]}<\/script>\n<!-- \/ Yoast SEO plugin. -->","yoast_head_json":{"title":"Team allineato: come una PMI ha accelerato la crescita grazie alla leadership consapevole - Aligned Management","description":"Scopri come una PMI ha trasformato il proprio team in un gruppo allineato, motivato e autonomo. Azioni pratiche per imprenditori e HR manager","robots":{"index":"index","follow":"follow","max-snippet":"max-snippet:-1","max-image-preview":"max-image-preview:large","max-video-preview":"max-video-preview:-1"},"canonical":"https:\/\/alignedmanagement.it\/it\/team-allineato-pmi-crescita-leadership\/","og_locale":"it_IT","og_type":"article","og_title":"Team allineato: come una PMI ha accelerato la crescita grazie alla leadership consapevole - Aligned Management","og_description":"Scopri come una PMI ha trasformato il proprio team in un gruppo allineato, motivato e autonomo. Azioni pratiche per imprenditori e HR manager","og_url":"https:\/\/alignedmanagement.it\/it\/team-allineato-pmi-crescita-leadership\/","og_site_name":"Aligned Management","article_publisher":"https:\/\/www.facebook.com\/alignedmanagement.it","article_published_time":"2025-11-28T14:15:01+00:00","og_image":[{"width":1920,"height":1080,"url":"https:\/\/alignedmanagement.it\/wp-content\/uploads\/Team-allineato.jpg","type":"image\/jpeg"}],"author":"Rossella Carlin","twitter_card":"summary_large_image","twitter_misc":{"Scritto da":"Rossella Carlin","Tempo di lettura stimato":"3 minuti"},"schema":{"@context":"https:\/\/schema.org","@graph":[{"@type":"Article","@id":"https:\/\/alignedmanagement.it\/it\/team-allineato-pmi-crescita-leadership\/#article","isPartOf":{"@id":"https:\/\/alignedmanagement.it\/it\/team-allineato-pmi-crescita-leadership\/"},"author":{"name":"Rossella Carlin","@id":"https:\/\/alignedmanagement.it\/it\/#\/schema\/person\/8f0019adbb6150cf69e4d450e55f4444"},"headline":"Team allineato: come una PMI ha accelerato la crescita grazie alla leadership consapevole","datePublished":"2025-11-28T14:15:01+00:00","mainEntityOfPage":{"@id":"https:\/\/alignedmanagement.it\/it\/team-allineato-pmi-crescita-leadership\/"},"wordCount":383,"publisher":{"@id":"https:\/\/alignedmanagement.it\/it\/#organization"},"image":{"@id":"https:\/\/alignedmanagement.it\/it\/team-allineato-pmi-crescita-leadership\/#primaryimage"},"thumbnailUrl":"https:\/\/alignedmanagement.it\/wp-content\/uploads\/Team-allineato.jpg","keywords":["Gestione delle Risorse umane","Leadership","Organizzazione","Produttivit\u00e0"],"articleSection":["GESTIONE DEL PERSONALE","LEADERSHIP","ORGANIZZAZIONE AZIENDALE"],"inLanguage":"it-IT"},{"@type":"WebPage","@id":"https:\/\/alignedmanagement.it\/it\/team-allineato-pmi-crescita-leadership\/","url":"https:\/\/alignedmanagement.it\/it\/team-allineato-pmi-crescita-leadership\/","name":"Team allineato: come una PMI ha accelerato la crescita grazie alla leadership consapevole - Aligned Management","isPartOf":{"@id":"https:\/\/alignedmanagement.it\/it\/#website"},"primaryImageOfPage":{"@id":"https:\/\/alignedmanagement.it\/it\/team-allineato-pmi-crescita-leadership\/#primaryimage"},"image":{"@id":"https:\/\/alignedmanagement.it\/it\/team-allineato-pmi-crescita-leadership\/#primaryimage"},"thumbnailUrl":"https:\/\/alignedmanagement.it\/wp-content\/uploads\/Team-allineato.jpg","datePublished":"2025-11-28T14:15:01+00:00","description":"Scopri come una PMI ha trasformato il proprio team in un gruppo allineato, motivato e autonomo. Azioni pratiche per imprenditori e HR manager","breadcrumb":{"@id":"https:\/\/alignedmanagement.it\/it\/team-allineato-pmi-crescita-leadership\/#breadcrumb"},"inLanguage":"it-IT","potentialAction":[{"@type":"ReadAction","target":["https:\/\/alignedmanagement.it\/it\/team-allineato-pmi-crescita-leadership\/"]}]},{"@type":"ImageObject","inLanguage":"it-IT","@id":"https:\/\/alignedmanagement.it\/it\/team-allineato-pmi-crescita-leadership\/#primaryimage","url":"https:\/\/alignedmanagement.it\/wp-content\/uploads\/Team-allineato.jpg","contentUrl":"https:\/\/alignedmanagement.it\/wp-content\/uploads\/Team-allineato.jpg","width":1920,"height":1080,"caption":"Team allineato al lavoro in azienda"},{"@type":"BreadcrumbList","@id":"https:\/\/alignedmanagement.it\/it\/team-allineato-pmi-crescita-leadership\/#breadcrumb","itemListElement":[{"@type":"ListItem","position":1,"name":"Home","item":"https:\/\/alignedmanagement.it\/it\/"},{"@type":"ListItem","position":2,"name":"Team allineato: come una PMI ha accelerato la crescita grazie alla leadership consapevole"}]},{"@type":"WebSite","@id":"https:\/\/alignedmanagement.it\/it\/#website","url":"https:\/\/alignedmanagement.it\/it\/","name":"Aligned Management","description":"","publisher":{"@id":"https:\/\/alignedmanagement.it\/it\/#organization"},"potentialAction":[{"@type":"SearchAction","target":{"@type":"EntryPoint","urlTemplate":"https:\/\/alignedmanagement.it\/it\/?s={search_term_string}"},"query-input":{"@type":"PropertyValueSpecification","valueRequired":true,"valueName":"search_term_string"}}],"inLanguage":"it-IT"},{"@type":"Organization","@id":"https:\/\/alignedmanagement.it\/it\/#organization","name":"Aligned Management","url":"https:\/\/alignedmanagement.it\/it\/","logo":{"@type":"ImageObject","inLanguage":"it-IT","@id":"https:\/\/alignedmanagement.it\/it\/#\/schema\/logo\/image\/","url":"https:\/\/alignedmanagement.it\/wp-content\/uploads\/logo_am.png","contentUrl":"https:\/\/alignedmanagement.it\/wp-content\/uploads\/logo_am.png","width":951,"height":559,"caption":"Aligned Management"},"image":{"@id":"https:\/\/alignedmanagement.it\/it\/#\/schema\/logo\/image\/"},"sameAs":["https:\/\/www.facebook.com\/alignedmanagement.it","https:\/\/www.instagram.com\/alignedmanagement.it","https:\/\/www.linkedin.com\/in\/emanuelecasali\/","https:\/\/www.youtube.com\/channel\/UC_xQbxuViPZCKLK98MYlOWg"]},{"@type":"Person","@id":"https:\/\/alignedmanagement.it\/it\/#\/schema\/person\/8f0019adbb6150cf69e4d450e55f4444","name":"Rossella Carlin","url":"https:\/\/alignedmanagement.it\/it\/author\/rossella\/"}]}},"_links":{"self":[{"href":"https:\/\/alignedmanagement.it\/it\/wp-json\/wp\/v2\/posts\/1871","targetHints":{"allow":["GET"]}}],"collection":[{"href":"https:\/\/alignedmanagement.it\/it\/wp-json\/wp\/v2\/posts"}],"about":[{"href":"https:\/\/alignedmanagement.it\/it\/wp-json\/wp\/v2\/types\/post"}],"author":[{"embeddable":true,"href":"https:\/\/alignedmanagement.it\/it\/wp-json\/wp\/v2\/users\/8"}],"replies":[{"embeddable":true,"href":"https:\/\/alignedmanagement.it\/it\/wp-json\/wp\/v2\/comments?post=1871"}],"version-history":[{"count":8,"href":"https:\/\/alignedmanagement.it\/it\/wp-json\/wp\/v2\/posts\/1871\/revisions"}],"predecessor-version":[{"id":1883,"href":"https:\/\/alignedmanagement.it\/it\/wp-json\/wp\/v2\/posts\/1871\/revisions\/1883"}],"wp:featuredmedia":[{"embeddable":true,"href":"https:\/\/alignedmanagement.it\/it\/wp-json\/wp\/v2\/media\/1874"}],"wp:attachment":[{"href":"https:\/\/alignedmanagement.it\/it\/wp-json\/wp\/v2\/media?parent=1871"}],"wp:term":[{"taxonomy":"category","embeddable":true,"href":"https:\/\/alignedmanagement.it\/it\/wp-json\/wp\/v2\/categories?post=1871"},{"taxonomy":"post_tag","embeddable":true,"href":"https:\/\/alignedmanagement.it\/it\/wp-json\/wp\/v2\/tags?post=1871"}],"curies":[{"name":"wp","href":"https:\/\/api.w.org\/{rel}","templated":true}]}}