{"id":939,"date":"2022-07-12T20:18:53","date_gmt":"2022-07-12T18:18:53","guid":{"rendered":"https:\/\/alignedmanagement.it\/?p=939"},"modified":"2025-01-22T13:42:12","modified_gmt":"2025-01-22T12:42:12","slug":"perche-e-vitale-ora-saper-gestire-le-risorse-umane","status":"publish","type":"post","link":"https:\/\/alignedmanagement.it\/it\/perche-e-vitale-ora-saper-gestire-le-risorse-umane\/","title":{"rendered":"Perch\u00e9 \u00e8 vitale ORA saper gestire le risorse umane"},"content":{"rendered":"<p>Saper gestire le risorse umane ora \u00e8 di vitale importanza!<\/p>\n<p>La tua azienda sta crescendo cos\u00ec velocemente, che ti ritrovi lavorare come un matto ma non sai\u00a0\u00a0fino a che punto potr\u00e0 reggere lavorando in questo modo?<\/p>\n<p>Oppure, capita anche te, di dover continuare\u00a0\u00a0spegnere i fuochi all&#8217;interno della tua azienda<br \/>\ncausati da collaboratori passivamente esecutori,\u00a0\u00a0che faticano a trovare soluzioni?<\/p>\n<p>O ti \u00e8 mai successo di avere cos\u00ec poco tempo\u00a0\u00a0per stare con la tua famiglia, i tuoi figli, prenderti una vacanza quando vuoi, od addirittura\u00a0\u00a0godere i tuoi hobby?<\/p>\n<p>Oppure, capita anche te di gestire collaboratori critici, lamentosi,\u00a0\u00a0poco produttivi che sottraggono il tuo tempo<br \/>\nprezioso alle tue attivit\u00e0 di valore?<\/p>\n<p>Se ti\u00a0\u00a0sei riconosciuto in almeno una di queste situazioni, allora continua a leggere questo articolo, perch\u00e9 vorrei condividere con<br \/>\nte alcuni spunti, che spero possa aiutarti.<\/p>\n<p>Sono Emanuele Casali e mi occupo di aiutare gli imprenditori della piccola e media impresa ad\u00a0\u00a0organizzare le risorse umane, i processi, le mansioni e ruoli in allenamento con la visione del fondatore,\u00a0\u00a0usando il metodo Aligned Management.<br \/>\nSiamo specializzati nel formare,\u00a0\u00a0gestire e rendere produttivo il personale.<\/p>\n<p>Saper gestire le risorse umane ORA pi\u00f9 che mai \u00e8 VITALE.<\/p>\n<p>Vediamo come se la passano gli imprenditori\u00a0\u00a0con il loro personale in questa era del post-Covid. Dallo studio fatto dalla Manpower &#8220;<a href=\"https:\/\/www.manpowergroup.it\/the-great-realization\">The Great Realization<\/a>&#8220;, la\u00a0\u00a0multinazionale di ricerca e selezione personale, circa il 49% dei dipendenti vorrebbe cambiare\u00a0\u00a0organizzazione per trovare maggior benessere.<\/p>\n<p>E circa 2 dipendenti su 3 vuole lavorare con\u00a0\u00a0aziende che condividono i loro stessi valori.<br \/>\nQuesto significa che, potenzialmente, la maggior\u00a0\u00a0parte dei tuoi dipendenti o collaboratori\u00a0 sarebbe disposto a<br \/>\ncambiare azienda indipendentemente dagli incentivi\u00a0\u00a0economici che tu potresti mettere in atto.<\/p>\n<p>Buona parte degli imprenditori, che incontro, si\u00a0\u00a0lamentano del fatto che non trovano il personale corretto.<\/p>\n<p>Si lamentano, sono disperati del fatto\u00a0\u00a0che devono continuamente stare dietro al loro personale, per tenere le cose fatte e spesso sono\u00a0\u00a0loro che trovano le soluzione ai problemi. Tutto questo per far s\u00ec che le aziende rimanga in piedi.<\/p>\n<p>Addirittura, qualcuno di loro si sente male all&#8217;idea di prendere del tempo per se stesso,\u00a0\u00a0per stare con la sua famiglia. Ed a causa del periodo che stiamo vivendo, sui loro volti\u00a0\u00a0traspare chiaramente ansia e preoccupazione.<br \/>\nSe ti \u00e8 capitato anche a te di vivere queste\u00a0\u00a0situazioni sappi che non sei l&#8217;unico.<\/p>\n<p>Ora di fronte a queste cose, potresti\u00a0\u00a0decidere di aspettare che passi il momento, di attendere che le cose tornino la normalit\u00e0,\u00a0\u00a0che fa parte del gioco, che \u00e8 sempre stato cos\u00ec e che sar\u00e0 sempre cos\u00ec, che il destino\u00a0\u00a0dell&#8217;imprenditore o che tu in fin dei conti conti,<br \/>\nstai andando bene non hai bisogno di fare altro,\u00a0\u00a0che sei bravo e tante tante altre ragioni.<\/p>\n<p>E per uno di questi motivi, potresti aver\u00a0\u00a0deciso di non fare niente a riguardo. Sappi, che ti stai condannando ad un futuro infernale.<\/p>\n<p>La tua preoccupazione diventer\u00e0 stress. I tuoi collaboratori diventeranno sempre pi\u00f9 demotivati\u00a0\u00a0ed alla fine se ne andranno. E tu ti ritroverai con ancora pi\u00f9 problemi con i vecchi e nuovi e\u00a0\u00a0sarai ancora pi\u00f9 sovraccarico. E dovrai correre<br \/>\nin giro a tappare tutti i buchi, che il personale\u00a0\u00a0che se n&#8217;\u00e8 andato ha lasciato.<\/p>\n<p>E ti rimarr\u00e0 anche il dubbio che quelli che sono i rimasti lo fanno,\u00a0\u00a0solamente, per una questione di sopravvivenza. In<br \/>\nrealt\u00e0, non hanno trovato un&#8217;alternativa migliore.<\/p>\n<p>Ora,\u00a0 ti ho spiegato perch\u00e9 \u00e8 vitale saper gestire le risorse umane.<\/p>\n<p>Nel prossimo articolo ti mostrer\u00f2 perch\u00e9 la formazione motivazionale non funziona.\u00a0\u00a0Ed il Metodo Efficace e Testato<br \/>\nper motivare le risorse umane nella TUA azienda.<\/p>\n<p>&nbsp;<\/p>\n<p><iframe loading=\"lazy\" title=\"YouTube video player\" src=\"https:\/\/www.youtube.com\/embed\/HYHPUWj0iXA\" width=\"560\" height=\"315\" frameborder=\"0\" allowfullscreen=\"allowfullscreen\"><\/iframe><\/p>\n","protected":false},"excerpt":{"rendered":"<p>Saper gestire le risorse umane ora \u00e8 di vitale importanza! La tua azienda sta crescendo cos\u00ec velocemente, che ti ritrovi&#8230;<\/p>\n","protected":false},"author":3,"featured_media":937,"comment_status":"closed","ping_status":"closed","sticky":false,"template":"","format":"standard","meta":{"_acf_changed":false,"footnotes":""},"categories":[9],"tags":[73,72],"class_list":["post-939","post","type-post","status-publish","format-standard","has-post-thumbnail","hentry","category-gestione-del-personale","tag-gestione-delle-risorse-umane","tag-risorse-umane"],"acf":[],"yoast_head":"<!-- This site is optimized with the Yoast SEO plugin v26.8 - https:\/\/yoast.com\/product\/yoast-seo-wordpress\/ -->\n<title>Perch\u00e9 \u00e8 vitale ORA saper gestire le risorse umane - Aligned Management<\/title>\n<meta name=\"description\" content=\"Perch\u00e9 \u00e9 vitale ora saper gestire le risorse umane. La tua azienda sta crescendo cos\u00ec velocemente, che ti ritrovi lavorare come un matto ma\" \/>\n<meta name=\"robots\" content=\"index, follow, max-snippet:-1, max-image-preview:large, max-video-preview:-1\" \/>\n<link rel=\"canonical\" href=\"https:\/\/alignedmanagement.it\/it\/perche-e-vitale-ora-saper-gestire-le-risorse-umane\/\" \/>\n<meta property=\"og:locale\" content=\"it_IT\" \/>\n<meta property=\"og:type\" content=\"article\" \/>\n<meta property=\"og:title\" content=\"Perch\u00e9 \u00e8 vitale ORA saper gestire le risorse umane - Aligned Management\" \/>\n<meta property=\"og:description\" content=\"Perch\u00e9 \u00e9 vitale ora saper gestire le risorse umane. La tua azienda sta crescendo cos\u00ec velocemente, che ti ritrovi lavorare come un matto ma\" \/>\n<meta property=\"og:url\" content=\"https:\/\/alignedmanagement.it\/it\/perche-e-vitale-ora-saper-gestire-le-risorse-umane\/\" \/>\n<meta property=\"og:site_name\" content=\"Aligned Management\" \/>\n<meta property=\"article:publisher\" content=\"https:\/\/www.facebook.com\/alignedmanagement.it\" \/>\n<meta property=\"article:published_time\" content=\"2022-07-12T18:18:53+00:00\" \/>\n<meta property=\"article:modified_time\" content=\"2025-01-22T12:42:12+00:00\" \/>\n<meta property=\"og:image\" content=\"https:\/\/alignedmanagement.it\/wp-content\/uploads\/welfare-verde.jpg\" \/>\n\t<meta property=\"og:image:width\" content=\"1920\" \/>\n\t<meta property=\"og:image:height\" content=\"1280\" \/>\n\t<meta property=\"og:image:type\" content=\"image\/jpeg\" \/>\n<meta name=\"author\" content=\"Test\" \/>\n<meta name=\"twitter:card\" content=\"summary_large_image\" \/>\n<meta name=\"twitter:label1\" content=\"Scritto da\" \/>\n\t<meta name=\"twitter:data1\" content=\"Test\" \/>\n\t<meta name=\"twitter:label2\" content=\"Tempo di lettura stimato\" \/>\n\t<meta name=\"twitter:data2\" content=\"4 minuti\" \/>\n<script type=\"application\/ld+json\" class=\"yoast-schema-graph\">{\"@context\":\"https:\/\/schema.org\",\"@graph\":[{\"@type\":\"Article\",\"@id\":\"https:\/\/alignedmanagement.it\/it\/perche-e-vitale-ora-saper-gestire-le-risorse-umane\/#article\",\"isPartOf\":{\"@id\":\"https:\/\/alignedmanagement.it\/it\/perche-e-vitale-ora-saper-gestire-le-risorse-umane\/\"},\"author\":{\"name\":\"Test\",\"@id\":\"https:\/\/alignedmanagement.it\/it\/#\/schema\/person\/b4cd780a0c019af40d42d1f2b1a45e7c\"},\"headline\":\"Perch\u00e9 \u00e8 vitale ORA saper gestire le risorse umane\",\"datePublished\":\"2022-07-12T18:18:53+00:00\",\"dateModified\":\"2025-01-22T12:42:12+00:00\",\"mainEntityOfPage\":{\"@id\":\"https:\/\/alignedmanagement.it\/it\/perche-e-vitale-ora-saper-gestire-le-risorse-umane\/\"},\"wordCount\":603,\"publisher\":{\"@id\":\"https:\/\/alignedmanagement.it\/it\/#organization\"},\"image\":{\"@id\":\"https:\/\/alignedmanagement.it\/it\/perche-e-vitale-ora-saper-gestire-le-risorse-umane\/#primaryimage\"},\"thumbnailUrl\":\"https:\/\/alignedmanagement.it\/wp-content\/uploads\/welfare-verde.jpg\",\"keywords\":[\"Gestione delle Risorse umane\",\"Risorse umane\"],\"articleSection\":[\"GESTIONE DEL PERSONALE\"],\"inLanguage\":\"it-IT\"},{\"@type\":\"WebPage\",\"@id\":\"https:\/\/alignedmanagement.it\/it\/perche-e-vitale-ora-saper-gestire-le-risorse-umane\/\",\"url\":\"https:\/\/alignedmanagement.it\/it\/perche-e-vitale-ora-saper-gestire-le-risorse-umane\/\",\"name\":\"Perch\u00e9 \u00e8 vitale ORA saper gestire le risorse umane - Aligned Management\",\"isPartOf\":{\"@id\":\"https:\/\/alignedmanagement.it\/it\/#website\"},\"primaryImageOfPage\":{\"@id\":\"https:\/\/alignedmanagement.it\/it\/perche-e-vitale-ora-saper-gestire-le-risorse-umane\/#primaryimage\"},\"image\":{\"@id\":\"https:\/\/alignedmanagement.it\/it\/perche-e-vitale-ora-saper-gestire-le-risorse-umane\/#primaryimage\"},\"thumbnailUrl\":\"https:\/\/alignedmanagement.it\/wp-content\/uploads\/welfare-verde.jpg\",\"datePublished\":\"2022-07-12T18:18:53+00:00\",\"dateModified\":\"2025-01-22T12:42:12+00:00\",\"description\":\"Perch\u00e9 \u00e9 vitale ora saper gestire le risorse umane. La tua azienda sta crescendo cos\u00ec velocemente, che ti ritrovi lavorare come un matto ma\",\"breadcrumb\":{\"@id\":\"https:\/\/alignedmanagement.it\/it\/perche-e-vitale-ora-saper-gestire-le-risorse-umane\/#breadcrumb\"},\"inLanguage\":\"it-IT\",\"potentialAction\":[{\"@type\":\"ReadAction\",\"target\":[\"https:\/\/alignedmanagement.it\/it\/perche-e-vitale-ora-saper-gestire-le-risorse-umane\/\"]}]},{\"@type\":\"ImageObject\",\"inLanguage\":\"it-IT\",\"@id\":\"https:\/\/alignedmanagement.it\/it\/perche-e-vitale-ora-saper-gestire-le-risorse-umane\/#primaryimage\",\"url\":\"https:\/\/alignedmanagement.it\/wp-content\/uploads\/welfare-verde.jpg\",\"contentUrl\":\"https:\/\/alignedmanagement.it\/wp-content\/uploads\/welfare-verde.jpg\",\"width\":1920,\"height\":1280,\"caption\":\"gestire il personale\"},{\"@type\":\"BreadcrumbList\",\"@id\":\"https:\/\/alignedmanagement.it\/it\/perche-e-vitale-ora-saper-gestire-le-risorse-umane\/#breadcrumb\",\"itemListElement\":[{\"@type\":\"ListItem\",\"position\":1,\"name\":\"Home\",\"item\":\"https:\/\/alignedmanagement.it\/it\/\"},{\"@type\":\"ListItem\",\"position\":2,\"name\":\"Perch\u00e9 \u00e8 vitale ORA saper gestire le risorse umane\"}]},{\"@type\":\"WebSite\",\"@id\":\"https:\/\/alignedmanagement.it\/it\/#website\",\"url\":\"https:\/\/alignedmanagement.it\/it\/\",\"name\":\"Aligned Management\",\"description\":\"\",\"publisher\":{\"@id\":\"https:\/\/alignedmanagement.it\/it\/#organization\"},\"potentialAction\":[{\"@type\":\"SearchAction\",\"target\":{\"@type\":\"EntryPoint\",\"urlTemplate\":\"https:\/\/alignedmanagement.it\/it\/?s={search_term_string}\"},\"query-input\":{\"@type\":\"PropertyValueSpecification\",\"valueRequired\":true,\"valueName\":\"search_term_string\"}}],\"inLanguage\":\"it-IT\"},{\"@type\":\"Organization\",\"@id\":\"https:\/\/alignedmanagement.it\/it\/#organization\",\"name\":\"Aligned Management\",\"url\":\"https:\/\/alignedmanagement.it\/it\/\",\"logo\":{\"@type\":\"ImageObject\",\"inLanguage\":\"it-IT\",\"@id\":\"https:\/\/alignedmanagement.it\/it\/#\/schema\/logo\/image\/\",\"url\":\"https:\/\/alignedmanagement.it\/wp-content\/uploads\/logo_am.png\",\"contentUrl\":\"https:\/\/alignedmanagement.it\/wp-content\/uploads\/logo_am.png\",\"width\":951,\"height\":559,\"caption\":\"Aligned Management\"},\"image\":{\"@id\":\"https:\/\/alignedmanagement.it\/it\/#\/schema\/logo\/image\/\"},\"sameAs\":[\"https:\/\/www.facebook.com\/alignedmanagement.it\",\"https:\/\/www.instagram.com\/alignedmanagement.it\",\"https:\/\/www.linkedin.com\/in\/emanuelecasali\/\",\"https:\/\/www.youtube.com\/channel\/UC_xQbxuViPZCKLK98MYlOWg\"]},{\"@type\":\"Person\",\"@id\":\"https:\/\/alignedmanagement.it\/it\/#\/schema\/person\/b4cd780a0c019af40d42d1f2b1a45e7c\",\"name\":\"Test\",\"url\":\"https:\/\/alignedmanagement.it\/it\/author\/test1\/\"}]}<\/script>\n<!-- \/ Yoast SEO plugin. -->","yoast_head_json":{"title":"Perch\u00e9 \u00e8 vitale ORA saper gestire le risorse umane - Aligned Management","description":"Perch\u00e9 \u00e9 vitale ora saper gestire le risorse umane. La tua azienda sta crescendo cos\u00ec velocemente, che ti ritrovi lavorare come un matto ma","robots":{"index":"index","follow":"follow","max-snippet":"max-snippet:-1","max-image-preview":"max-image-preview:large","max-video-preview":"max-video-preview:-1"},"canonical":"https:\/\/alignedmanagement.it\/it\/perche-e-vitale-ora-saper-gestire-le-risorse-umane\/","og_locale":"it_IT","og_type":"article","og_title":"Perch\u00e9 \u00e8 vitale ORA saper gestire le risorse umane - Aligned Management","og_description":"Perch\u00e9 \u00e9 vitale ora saper gestire le risorse umane. La tua azienda sta crescendo cos\u00ec velocemente, che ti ritrovi lavorare come un matto ma","og_url":"https:\/\/alignedmanagement.it\/it\/perche-e-vitale-ora-saper-gestire-le-risorse-umane\/","og_site_name":"Aligned Management","article_publisher":"https:\/\/www.facebook.com\/alignedmanagement.it","article_published_time":"2022-07-12T18:18:53+00:00","article_modified_time":"2025-01-22T12:42:12+00:00","og_image":[{"width":1920,"height":1280,"url":"https:\/\/alignedmanagement.it\/wp-content\/uploads\/welfare-verde.jpg","type":"image\/jpeg"}],"author":"Test","twitter_card":"summary_large_image","twitter_misc":{"Scritto da":"Test","Tempo di lettura stimato":"4 minuti"},"schema":{"@context":"https:\/\/schema.org","@graph":[{"@type":"Article","@id":"https:\/\/alignedmanagement.it\/it\/perche-e-vitale-ora-saper-gestire-le-risorse-umane\/#article","isPartOf":{"@id":"https:\/\/alignedmanagement.it\/it\/perche-e-vitale-ora-saper-gestire-le-risorse-umane\/"},"author":{"name":"Test","@id":"https:\/\/alignedmanagement.it\/it\/#\/schema\/person\/b4cd780a0c019af40d42d1f2b1a45e7c"},"headline":"Perch\u00e9 \u00e8 vitale ORA saper gestire le risorse umane","datePublished":"2022-07-12T18:18:53+00:00","dateModified":"2025-01-22T12:42:12+00:00","mainEntityOfPage":{"@id":"https:\/\/alignedmanagement.it\/it\/perche-e-vitale-ora-saper-gestire-le-risorse-umane\/"},"wordCount":603,"publisher":{"@id":"https:\/\/alignedmanagement.it\/it\/#organization"},"image":{"@id":"https:\/\/alignedmanagement.it\/it\/perche-e-vitale-ora-saper-gestire-le-risorse-umane\/#primaryimage"},"thumbnailUrl":"https:\/\/alignedmanagement.it\/wp-content\/uploads\/welfare-verde.jpg","keywords":["Gestione delle Risorse umane","Risorse umane"],"articleSection":["GESTIONE DEL PERSONALE"],"inLanguage":"it-IT"},{"@type":"WebPage","@id":"https:\/\/alignedmanagement.it\/it\/perche-e-vitale-ora-saper-gestire-le-risorse-umane\/","url":"https:\/\/alignedmanagement.it\/it\/perche-e-vitale-ora-saper-gestire-le-risorse-umane\/","name":"Perch\u00e9 \u00e8 vitale ORA saper gestire le risorse umane - Aligned Management","isPartOf":{"@id":"https:\/\/alignedmanagement.it\/it\/#website"},"primaryImageOfPage":{"@id":"https:\/\/alignedmanagement.it\/it\/perche-e-vitale-ora-saper-gestire-le-risorse-umane\/#primaryimage"},"image":{"@id":"https:\/\/alignedmanagement.it\/it\/perche-e-vitale-ora-saper-gestire-le-risorse-umane\/#primaryimage"},"thumbnailUrl":"https:\/\/alignedmanagement.it\/wp-content\/uploads\/welfare-verde.jpg","datePublished":"2022-07-12T18:18:53+00:00","dateModified":"2025-01-22T12:42:12+00:00","description":"Perch\u00e9 \u00e9 vitale ora saper gestire le risorse umane. La tua azienda sta crescendo cos\u00ec velocemente, che ti ritrovi lavorare come un matto ma","breadcrumb":{"@id":"https:\/\/alignedmanagement.it\/it\/perche-e-vitale-ora-saper-gestire-le-risorse-umane\/#breadcrumb"},"inLanguage":"it-IT","potentialAction":[{"@type":"ReadAction","target":["https:\/\/alignedmanagement.it\/it\/perche-e-vitale-ora-saper-gestire-le-risorse-umane\/"]}]},{"@type":"ImageObject","inLanguage":"it-IT","@id":"https:\/\/alignedmanagement.it\/it\/perche-e-vitale-ora-saper-gestire-le-risorse-umane\/#primaryimage","url":"https:\/\/alignedmanagement.it\/wp-content\/uploads\/welfare-verde.jpg","contentUrl":"https:\/\/alignedmanagement.it\/wp-content\/uploads\/welfare-verde.jpg","width":1920,"height":1280,"caption":"gestire il personale"},{"@type":"BreadcrumbList","@id":"https:\/\/alignedmanagement.it\/it\/perche-e-vitale-ora-saper-gestire-le-risorse-umane\/#breadcrumb","itemListElement":[{"@type":"ListItem","position":1,"name":"Home","item":"https:\/\/alignedmanagement.it\/it\/"},{"@type":"ListItem","position":2,"name":"Perch\u00e9 \u00e8 vitale ORA saper gestire le risorse umane"}]},{"@type":"WebSite","@id":"https:\/\/alignedmanagement.it\/it\/#website","url":"https:\/\/alignedmanagement.it\/it\/","name":"Aligned Management","description":"","publisher":{"@id":"https:\/\/alignedmanagement.it\/it\/#organization"},"potentialAction":[{"@type":"SearchAction","target":{"@type":"EntryPoint","urlTemplate":"https:\/\/alignedmanagement.it\/it\/?s={search_term_string}"},"query-input":{"@type":"PropertyValueSpecification","valueRequired":true,"valueName":"search_term_string"}}],"inLanguage":"it-IT"},{"@type":"Organization","@id":"https:\/\/alignedmanagement.it\/it\/#organization","name":"Aligned Management","url":"https:\/\/alignedmanagement.it\/it\/","logo":{"@type":"ImageObject","inLanguage":"it-IT","@id":"https:\/\/alignedmanagement.it\/it\/#\/schema\/logo\/image\/","url":"https:\/\/alignedmanagement.it\/wp-content\/uploads\/logo_am.png","contentUrl":"https:\/\/alignedmanagement.it\/wp-content\/uploads\/logo_am.png","width":951,"height":559,"caption":"Aligned Management"},"image":{"@id":"https:\/\/alignedmanagement.it\/it\/#\/schema\/logo\/image\/"},"sameAs":["https:\/\/www.facebook.com\/alignedmanagement.it","https:\/\/www.instagram.com\/alignedmanagement.it","https:\/\/www.linkedin.com\/in\/emanuelecasali\/","https:\/\/www.youtube.com\/channel\/UC_xQbxuViPZCKLK98MYlOWg"]},{"@type":"Person","@id":"https:\/\/alignedmanagement.it\/it\/#\/schema\/person\/b4cd780a0c019af40d42d1f2b1a45e7c","name":"Test","url":"https:\/\/alignedmanagement.it\/it\/author\/test1\/"}]}},"_links":{"self":[{"href":"https:\/\/alignedmanagement.it\/it\/wp-json\/wp\/v2\/posts\/939","targetHints":{"allow":["GET"]}}],"collection":[{"href":"https:\/\/alignedmanagement.it\/it\/wp-json\/wp\/v2\/posts"}],"about":[{"href":"https:\/\/alignedmanagement.it\/it\/wp-json\/wp\/v2\/types\/post"}],"author":[{"embeddable":true,"href":"https:\/\/alignedmanagement.it\/it\/wp-json\/wp\/v2\/users\/3"}],"replies":[{"embeddable":true,"href":"https:\/\/alignedmanagement.it\/it\/wp-json\/wp\/v2\/comments?post=939"}],"version-history":[{"count":0,"href":"https:\/\/alignedmanagement.it\/it\/wp-json\/wp\/v2\/posts\/939\/revisions"}],"wp:featuredmedia":[{"embeddable":true,"href":"https:\/\/alignedmanagement.it\/it\/wp-json\/wp\/v2\/media\/937"}],"wp:attachment":[{"href":"https:\/\/alignedmanagement.it\/it\/wp-json\/wp\/v2\/media?parent=939"}],"wp:term":[{"taxonomy":"category","embeddable":true,"href":"https:\/\/alignedmanagement.it\/it\/wp-json\/wp\/v2\/categories?post=939"},{"taxonomy":"post_tag","embeddable":true,"href":"https:\/\/alignedmanagement.it\/it\/wp-json\/wp\/v2\/tags?post=939"}],"curies":[{"name":"wp","href":"https:\/\/api.w.org\/{rel}","templated":true}]}}